{"id":9491,"date":"2019-03-21T23:50:51","date_gmt":"2019-03-21T22:50:51","guid":{"rendered":"http:\/\/hotelvillaretiro.com\/semana-santa-delta-del-ebro\/"},"modified":"2019-11-13T13:09:14","modified_gmt":"2019-11-13T12:09:14","slug":"semana-santa-delta-del-ebro","status":"publish","type":"post","link":"https:\/\/hotelvillaretiro.com\/ca\/semana-santa-delta-del-ebro\/","title":{"rendered":"Setmana Santa al Delta de l&#8217;Ebre &#x1f3e8;&#x1f958;&#x1f407;"},"content":{"rendered":"<p>[vc_row][vc_column][vc_column_text][kkstarratings][\/vc_column_text][vc_column_text]Queden molt pocs dies per a les vacances de Setmana Santa! Et ve de gust fer una escapada que combini cultura, gastronomia, relax i diversi\u00f3? Des d&#8217;<a href=\"\/?page_id=4116\">Hotel Villa Retiro<\/a> et proposem descobrir els millors llocs i activitats per a aquesta Setmana Santa a les <a href=\"https:\/\/terresdelebre.travel\">Terres de l&#8217;Ebre<\/a>.[\/vc_column_text][cl_heading title=&#8221;Visita el Delta de l&#8217;Ebre &#8221; style=&#8221;single-line&#8221;][vc_single_image image=&#8221;2849&#8243; img_size=&#8221;full&#8221; css=&#8221;.vc_custom_1553208393423{margin-bottom: 5% !important;}&#8221;][vc_column_text]El <a href=\"https:\/\/ca.wikipedia.org\/wiki\/Parc_Natural_del_Delta_de_l%27Ebre\">Delta de l&#8217;Ebre<\/a> \u00e9s la major zona humida de Catalunya, amb una superf\u00edcie de 320 km2. Constitueix un dels h\u00e0bitats aqu\u00e0tics m\u00e9s importants de la Mediterr\u00e0nia occidental i \u00e9s un dels llocs m\u00e9s curiosos de la geografia catalana.<\/p>\n<p>Les seves platges quilom\u00e8triques, els seus arrossars estenent-se cap a l&#8217;infinit, el seu entramat de camins, el majestu\u00f3s riu Ebre i la biodiversitat de flora i fauna fa que el Delta de l&#8217;Ebre sigui un dels llocs que hem de visitar m\u00ednim un cop a la vida.[\/vc_column_text][cl_heading title=&#8221;Enoturisme a la Catedral del Vi&#8221; style=&#8221;single-line&#8221;][vc_single_image image=&#8221;2832&#8243; img_size=&#8221;full&#8221; css=&#8221;.vc_custom_1553208384241{margin-bottom: 5% !important;}&#8221;][vc_column_text]El proper dest\u00ed ens porta a Pinell de Brai, un pintoresc poble situat a l&#8217;extrem est de la Terra Alta per gaudir d&#8217;una visita enol\u00f2gica a un celler cooperatiu amb m\u00e9s de 100 anys d&#8217;hist\u00f2ria.<\/p>\n<p><a href=\"https:\/\/www.catedraldelvi.com\"> La Catedral del Vi<\/a> \u00e9s una de les joies arquitect\u00f2niques englobada en el conjunt de Catedrals del Vi de Catalunya, d&#8217;estil modernista de principis del segle XX dissenyat per C\u00e8sar Martinell, deixeble directe d&#8217;Antoni Gaud\u00ed.[\/vc_column_text][cl_heading title=&#8221;Processons de Setmana Santa&#8221; style=&#8221;single-line&#8221;][vc_column_text]Descobreix la Setmana Santa de <a href=\"https:\/\/www.tortosaturisme.cat\/setmana-santa\/\">Tortosa<\/a>, la m\u00e9s multidudinaria de les Terres de l&#8217;Ebre. Passi\u00f3, tradici\u00f3 i sentiment en una celebraci\u00f3 \u00fanica. Tortosa, situada a prop de l&#8217;Hotel Villa Retiro, \u00e9s el punt de partida idoni per descobrir la part m\u00e9s tradicional d&#8217;aquesta religiosa.<\/p>\n<p><a href=\"https:\/\/turismeulldecona.com\/la-passio-dulldecona\/\">Ulldecona<\/a>, <a href=\"https:\/\/www.festacatalunya.cat\/articles-mostra-1679-cat-la_passiy_de_vilalba_dels_arcs.htm\">Vilalba dels Arcs<\/a> o Deltebre tamb\u00e9 ofereixen activitats vinculada a la Passi\u00f3 de Crist.[\/vc_column_text][vc_video link=&#8221;https:\/\/www.youtube.com\/embed\/j1lkGWfCSrg&#8221;][cl_heading title=&#8221;Escapades amb Estrella Michelin&#8221; style=&#8221;single-line&#8221;][vc_single_image image=&#8221;8348&#8243; img_size=&#8221;full&#8221; css=&#8221;.vc_custom_1553208431531{margin-bottom: 5% !important;}&#8221;][vc_column_text]Perqu\u00e8 puguis gaudir de tot aix\u00f2 i molt m\u00e9s, des de Hotel Villa Retiro t&#8217;oferim diferents escapades al nostre hotel de 5 estrelles.<\/p>\n<p>A tall d&#8217;exemple, et proposem unes <strong><a href=\"\/?p=7864\">mini vacances<\/a> amb estrella Michelin<\/strong>. Comen\u00e7a el dia amb un <strong>esmorzar a la carta<\/strong>, segueix amb una <strong>visita a La Catedral del Vi<\/strong> i acaba&#8217;l relaxant-te al nostre <strong>Spa<\/strong>.[\/vc_column_text][\/vc_column][\/vc_row][vc_row css=&#8221;.vc_custom_1553208196890{margin-top: 5% !important;}&#8221;][vc_column width=&#8221;1\/2&#8243;][cl_button url=&#8221;url:http%3A%2F%2Fhotelvillaretiro.com%2Foffer%2Fmini-vacaciones%2F||&#8221; title=&#8221;MINI VACANCES&#8221;][\/vc_column][vc_column width=&#8221;1\/2&#8243;][cl_button url=&#8221;url:http%3A%2F%2Fhotelvillaretiro.com%2Fca%2Foffer%2Fescapada-al-delta%2F||&#8221; title=&#8221;ESCAPADA AL DELTA&#8221;][\/vc_column][\/vc_row]<\/p>\n","protected":false},"excerpt":{"rendered":"<p>Et ve de gust fer una escapada que combini cultura, gastronomia, relax i diversi\u00f3? Descobreix el Delta de l&#8217;Ebre i la Setmana Santa amb Hotel Villa Retiro.<\/p>\n","protected":false},"author":1,"featured_media":9482,"comment_status":"closed","ping_status":"closed","sticky":false,"template":"","format":"standard","meta":{"inline_featured_image":false,"footnotes":""},"categories":[61],"tags":[153,53,154,155],"class_list":["post-9491","post","type-post","status-publish","format-standard","has-post-thumbnail","hentry","category-hotel-villa-retiro-ca","tag-delta-del-ebro-ca","tag-estrella-michelin-ca","tag-procesiones-ca","tag-semana-santa-ca"],"yoast_head":"<!-- This site is optimized with the Yoast SEO plugin v27.4 - https:\/\/yoast.com\/product\/yoast-seo-wordpress\/ -->\n<title>Setmana Santa al Delta de l&#039;Ebre &#x1f3e8;&#x1f958;&#x1f407; - Hotel Villa Retiro<\/title>\n<meta name=\"description\" content=\"Et ve de gust fer una escapada que combini cultura, gastronomia, relax i diversi\u00f3? Descobreix el Delta de l&#039;Ebre i la Setmana Santa amb Hotel Villa Retiro.\" \/>\n<meta name=\"robots\" content=\"index, follow, max-snippet:-1, max-image-preview:large, max-video-preview:-1\" \/>\n<link rel=\"canonical\" href=\"https:\/\/hotelvillaretiro.com\/ca\/semana-santa-delta-del-ebro\/\" \/>\n<meta property=\"og:locale\" content=\"ca_ES\" \/>\n<meta property=\"og:type\" content=\"article\" \/>\n<meta property=\"og:title\" content=\"Setmana Santa al Delta de l&#039;Ebre &#x1f3e8;&#x1f958;&#x1f407; - Hotel Villa Retiro\" \/>\n<meta property=\"og:description\" content=\"Et ve de gust fer una escapada que combini cultura, gastronomia, relax i diversi\u00f3? Descobreix el Delta de l&#039;Ebre i la Setmana Santa amb Hotel Villa Retiro.\" \/>\n<meta property=\"og:url\" content=\"https:\/\/hotelvillaretiro.com\/ca\/semana-santa-delta-del-ebro\/\" \/>\n<meta property=\"og:site_name\" content=\"Hotel Villa Retiro\" \/>\n<meta property=\"article:author\" content=\"https:\/\/www.facebook.com\/villa.retiro.xerta\" \/>\n<meta property=\"article:published_time\" content=\"2019-03-21T22:50:51+00:00\" \/>\n<meta property=\"article:modified_time\" content=\"2019-11-13T12:09:14+00:00\" \/>\n<meta property=\"og:image\" content=\"https:\/\/hotelvillaretiro.com\/wp-content\/uploads\/2019\/03\/semana-santa-delta-del-ebro-hotel-villa-retiro.jpg\" \/>\n\t<meta property=\"og:image:width\" content=\"1604\" \/>\n\t<meta property=\"og:image:height\" content=\"682\" \/>\n\t<meta property=\"og:image:type\" content=\"image\/jpeg\" \/>\n<meta name=\"author\" content=\"villaretiro\" \/>\n<meta name=\"twitter:card\" content=\"summary_large_image\" \/>\n<meta name=\"twitter:creator\" content=\"@VillaRetiro\" \/>\n<meta name=\"twitter:label1\" content=\"Escrit per\" \/>\n\t<meta name=\"twitter:data1\" content=\"villaretiro\" \/>\n\t<meta name=\"twitter:label2\" content=\"Temps estimat de lectura\" \/>\n\t<meta name=\"twitter:data2\" content=\"3 minuts\" \/>\n<script type=\"application\/ld+json\" class=\"yoast-schema-graph\">{\"@context\":\"https:\\\/\\\/schema.org\",\"@graph\":[{\"@type\":\"Article\",\"@id\":\"https:\\\/\\\/hotelvillaretiro.com\\\/ca\\\/semana-santa-delta-del-ebro\\\/#article\",\"isPartOf\":{\"@id\":\"https:\\\/\\\/hotelvillaretiro.com\\\/ca\\\/semana-santa-delta-del-ebro\\\/\"},\"author\":{\"name\":\"villaretiro\",\"@id\":\"https:\\\/\\\/hotelvillaretiro.com\\\/#\\\/schema\\\/person\\\/225ec899b02ea8661c5a10249acd3f50\"},\"headline\":\"Setmana Santa al Delta de l&#8217;Ebre &#x1f3e8;&#x1f958;&#x1f407;\",\"datePublished\":\"2019-03-21T22:50:51+00:00\",\"dateModified\":\"2019-11-13T12:09:14+00:00\",\"mainEntityOfPage\":{\"@id\":\"https:\\\/\\\/hotelvillaretiro.com\\\/ca\\\/semana-santa-delta-del-ebro\\\/\"},\"wordCount\":547,\"publisher\":{\"@id\":\"https:\\\/\\\/hotelvillaretiro.com\\\/#organization\"},\"image\":{\"@id\":\"https:\\\/\\\/hotelvillaretiro.com\\\/ca\\\/semana-santa-delta-del-ebro\\\/#primaryimage\"},\"thumbnailUrl\":\"https:\\\/\\\/hotelvillaretiro.com\\\/wp-content\\\/uploads\\\/2019\\\/03\\\/semana-santa-delta-del-ebro-hotel-villa-retiro.jpg\",\"keywords\":[\"delta del ebro\",\"Estrella Michel\u00edn\",\"procesiones\",\"semana santa\"],\"articleSection\":[\"Hotel Villa Retiro\"],\"inLanguage\":\"ca\"},{\"@type\":\"WebPage\",\"@id\":\"https:\\\/\\\/hotelvillaretiro.com\\\/ca\\\/semana-santa-delta-del-ebro\\\/\",\"url\":\"https:\\\/\\\/hotelvillaretiro.com\\\/ca\\\/semana-santa-delta-del-ebro\\\/\",\"name\":\"Setmana Santa al Delta de l'Ebre &#x1f3e8;&#x1f958;&#x1f407; - Hotel Villa Retiro\",\"isPartOf\":{\"@id\":\"https:\\\/\\\/hotelvillaretiro.com\\\/#website\"},\"primaryImageOfPage\":{\"@id\":\"https:\\\/\\\/hotelvillaretiro.com\\\/ca\\\/semana-santa-delta-del-ebro\\\/#primaryimage\"},\"image\":{\"@id\":\"https:\\\/\\\/hotelvillaretiro.com\\\/ca\\\/semana-santa-delta-del-ebro\\\/#primaryimage\"},\"thumbnailUrl\":\"https:\\\/\\\/hotelvillaretiro.com\\\/wp-content\\\/uploads\\\/2019\\\/03\\\/semana-santa-delta-del-ebro-hotel-villa-retiro.jpg\",\"datePublished\":\"2019-03-21T22:50:51+00:00\",\"dateModified\":\"2019-11-13T12:09:14+00:00\",\"description\":\"Et ve de gust fer una escapada que combini cultura, gastronomia, relax i diversi\u00f3? Descobreix el Delta de l'Ebre i la Setmana Santa amb Hotel Villa Retiro.\",\"breadcrumb\":{\"@id\":\"https:\\\/\\\/hotelvillaretiro.com\\\/ca\\\/semana-santa-delta-del-ebro\\\/#breadcrumb\"},\"inLanguage\":\"ca\",\"potentialAction\":[{\"@type\":\"ReadAction\",\"target\":[\"https:\\\/\\\/hotelvillaretiro.com\\\/ca\\\/semana-santa-delta-del-ebro\\\/\"]}]},{\"@type\":\"ImageObject\",\"inLanguage\":\"ca\",\"@id\":\"https:\\\/\\\/hotelvillaretiro.com\\\/ca\\\/semana-santa-delta-del-ebro\\\/#primaryimage\",\"url\":\"https:\\\/\\\/hotelvillaretiro.com\\\/wp-content\\\/uploads\\\/2019\\\/03\\\/semana-santa-delta-del-ebro-hotel-villa-retiro.jpg\",\"contentUrl\":\"https:\\\/\\\/hotelvillaretiro.com\\\/wp-content\\\/uploads\\\/2019\\\/03\\\/semana-santa-delta-del-ebro-hotel-villa-retiro.jpg\",\"width\":1604,\"height\":682,\"caption\":\"Semana Santa en el Delta del Ebro - Hotel Villa Retiro\"},{\"@type\":\"BreadcrumbList\",\"@id\":\"https:\\\/\\\/hotelvillaretiro.com\\\/ca\\\/semana-santa-delta-del-ebro\\\/#breadcrumb\",\"itemListElement\":[{\"@type\":\"ListItem\",\"position\":1,\"name\":\"Portada\",\"item\":\"https:\\\/\\\/hotelvillaretiro.com\\\/ca\\\/home-ca\\\/\"},{\"@type\":\"ListItem\",\"position\":2,\"name\":\"Setmana Santa al Delta de l&#8217;Ebre &#x1f3e8;&#x1f958;&#x1f407;\"}]},{\"@type\":\"WebSite\",\"@id\":\"https:\\\/\\\/hotelvillaretiro.com\\\/#website\",\"url\":\"https:\\\/\\\/hotelvillaretiro.com\\\/\",\"name\":\"Hotel Villa Retiro\",\"description\":\"Hotel de 5 estrellas en les Terres de l&#039;Ebre\",\"publisher\":{\"@id\":\"https:\\\/\\\/hotelvillaretiro.com\\\/#organization\"},\"potentialAction\":[{\"@type\":\"SearchAction\",\"target\":{\"@type\":\"EntryPoint\",\"urlTemplate\":\"https:\\\/\\\/hotelvillaretiro.com\\\/?s={search_term_string}\"},\"query-input\":{\"@type\":\"PropertyValueSpecification\",\"valueRequired\":true,\"valueName\":\"search_term_string\"}}],\"inLanguage\":\"ca\"},{\"@type\":\"Organization\",\"@id\":\"https:\\\/\\\/hotelvillaretiro.com\\\/#organization\",\"name\":\"Hotel Villa Retiro\",\"url\":\"https:\\\/\\\/hotelvillaretiro.com\\\/\",\"logo\":{\"@type\":\"ImageObject\",\"inLanguage\":\"ca\",\"@id\":\"https:\\\/\\\/hotelvillaretiro.com\\\/#\\\/schema\\\/logo\\\/image\\\/\",\"url\":\"https:\\\/\\\/hotelvillaretiro.com\\\/wp-content\\\/uploads\\\/2025\\\/02\\\/hotel-villa-retiro-logo.svg\",\"contentUrl\":\"https:\\\/\\\/hotelvillaretiro.com\\\/wp-content\\\/uploads\\\/2025\\\/02\\\/hotel-villa-retiro-logo.svg\",\"caption\":\"Hotel Villa Retiro\"},\"image\":{\"@id\":\"https:\\\/\\\/hotelvillaretiro.com\\\/#\\\/schema\\\/logo\\\/image\\\/\"}},{\"@type\":\"Person\",\"@id\":\"https:\\\/\\\/hotelvillaretiro.com\\\/#\\\/schema\\\/person\\\/225ec899b02ea8661c5a10249acd3f50\",\"name\":\"villaretiro\",\"description\":\"Hotel de 5 estrellas y Restaurante con 1 Estrella Michelin, en Xerta (Tarragona), en un entorno \u00fanico edificado en 1890 y habilitado como hotel y restaurante desde marzo de 2006.\",\"sameAs\":[\"http:\\\/\\\/www.hotelvillaretiro.com\",\"https:\\\/\\\/www.facebook.com\\\/villa.retiro.xerta\",\"https:\\\/\\\/x.com\\\/VillaRetiro\"],\"url\":\"https:\\\/\\\/hotelvillaretiro.com\\\/ca\\\/author\\\/villaretiro\\\/\"}]}<\/script>\n<!-- \/ Yoast SEO plugin. -->","yoast_head_json":{"title":"Setmana Santa al Delta de l'Ebre &#x1f3e8;&#x1f958;&#x1f407; - Hotel Villa Retiro","description":"Et ve de gust fer una escapada que combini cultura, gastronomia, relax i diversi\u00f3? Descobreix el Delta de l'Ebre i la Setmana Santa amb Hotel Villa Retiro.","robots":{"index":"index","follow":"follow","max-snippet":"max-snippet:-1","max-image-preview":"max-image-preview:large","max-video-preview":"max-video-preview:-1"},"canonical":"https:\/\/hotelvillaretiro.com\/ca\/semana-santa-delta-del-ebro\/","og_locale":"ca_ES","og_type":"article","og_title":"Setmana Santa al Delta de l'Ebre &#x1f3e8;&#x1f958;&#x1f407; - Hotel Villa Retiro","og_description":"Et ve de gust fer una escapada que combini cultura, gastronomia, relax i diversi\u00f3? Descobreix el Delta de l'Ebre i la Setmana Santa amb Hotel Villa Retiro.","og_url":"https:\/\/hotelvillaretiro.com\/ca\/semana-santa-delta-del-ebro\/","og_site_name":"Hotel Villa Retiro","article_author":"https:\/\/www.facebook.com\/villa.retiro.xerta","article_published_time":"2019-03-21T22:50:51+00:00","article_modified_time":"2019-11-13T12:09:14+00:00","og_image":[{"width":1604,"height":682,"url":"https:\/\/hotelvillaretiro.com\/wp-content\/uploads\/2019\/03\/semana-santa-delta-del-ebro-hotel-villa-retiro.jpg","type":"image\/jpeg"}],"author":"villaretiro","twitter_card":"summary_large_image","twitter_creator":"@VillaRetiro","twitter_misc":{"Escrit per":"villaretiro","Temps estimat de lectura":"3 minuts"},"schema":{"@context":"https:\/\/schema.org","@graph":[{"@type":"Article","@id":"https:\/\/hotelvillaretiro.com\/ca\/semana-santa-delta-del-ebro\/#article","isPartOf":{"@id":"https:\/\/hotelvillaretiro.com\/ca\/semana-santa-delta-del-ebro\/"},"author":{"name":"villaretiro","@id":"https:\/\/hotelvillaretiro.com\/#\/schema\/person\/225ec899b02ea8661c5a10249acd3f50"},"headline":"Setmana Santa al Delta de l&#8217;Ebre &#x1f3e8;&#x1f958;&#x1f407;","datePublished":"2019-03-21T22:50:51+00:00","dateModified":"2019-11-13T12:09:14+00:00","mainEntityOfPage":{"@id":"https:\/\/hotelvillaretiro.com\/ca\/semana-santa-delta-del-ebro\/"},"wordCount":547,"publisher":{"@id":"https:\/\/hotelvillaretiro.com\/#organization"},"image":{"@id":"https:\/\/hotelvillaretiro.com\/ca\/semana-santa-delta-del-ebro\/#primaryimage"},"thumbnailUrl":"https:\/\/hotelvillaretiro.com\/wp-content\/uploads\/2019\/03\/semana-santa-delta-del-ebro-hotel-villa-retiro.jpg","keywords":["delta del ebro","Estrella Michel\u00edn","procesiones","semana santa"],"articleSection":["Hotel Villa Retiro"],"inLanguage":"ca"},{"@type":"WebPage","@id":"https:\/\/hotelvillaretiro.com\/ca\/semana-santa-delta-del-ebro\/","url":"https:\/\/hotelvillaretiro.com\/ca\/semana-santa-delta-del-ebro\/","name":"Setmana Santa al Delta de l'Ebre &#x1f3e8;&#x1f958;&#x1f407; - Hotel Villa Retiro","isPartOf":{"@id":"https:\/\/hotelvillaretiro.com\/#website"},"primaryImageOfPage":{"@id":"https:\/\/hotelvillaretiro.com\/ca\/semana-santa-delta-del-ebro\/#primaryimage"},"image":{"@id":"https:\/\/hotelvillaretiro.com\/ca\/semana-santa-delta-del-ebro\/#primaryimage"},"thumbnailUrl":"https:\/\/hotelvillaretiro.com\/wp-content\/uploads\/2019\/03\/semana-santa-delta-del-ebro-hotel-villa-retiro.jpg","datePublished":"2019-03-21T22:50:51+00:00","dateModified":"2019-11-13T12:09:14+00:00","description":"Et ve de gust fer una escapada que combini cultura, gastronomia, relax i diversi\u00f3? Descobreix el Delta de l'Ebre i la Setmana Santa amb Hotel Villa Retiro.","breadcrumb":{"@id":"https:\/\/hotelvillaretiro.com\/ca\/semana-santa-delta-del-ebro\/#breadcrumb"},"inLanguage":"ca","potentialAction":[{"@type":"ReadAction","target":["https:\/\/hotelvillaretiro.com\/ca\/semana-santa-delta-del-ebro\/"]}]},{"@type":"ImageObject","inLanguage":"ca","@id":"https:\/\/hotelvillaretiro.com\/ca\/semana-santa-delta-del-ebro\/#primaryimage","url":"https:\/\/hotelvillaretiro.com\/wp-content\/uploads\/2019\/03\/semana-santa-delta-del-ebro-hotel-villa-retiro.jpg","contentUrl":"https:\/\/hotelvillaretiro.com\/wp-content\/uploads\/2019\/03\/semana-santa-delta-del-ebro-hotel-villa-retiro.jpg","width":1604,"height":682,"caption":"Semana Santa en el Delta del Ebro - Hotel Villa Retiro"},{"@type":"BreadcrumbList","@id":"https:\/\/hotelvillaretiro.com\/ca\/semana-santa-delta-del-ebro\/#breadcrumb","itemListElement":[{"@type":"ListItem","position":1,"name":"Portada","item":"https:\/\/hotelvillaretiro.com\/ca\/home-ca\/"},{"@type":"ListItem","position":2,"name":"Setmana Santa al Delta de l&#8217;Ebre &#x1f3e8;&#x1f958;&#x1f407;"}]},{"@type":"WebSite","@id":"https:\/\/hotelvillaretiro.com\/#website","url":"https:\/\/hotelvillaretiro.com\/","name":"Hotel Villa Retiro","description":"Hotel de 5 estrellas en les Terres de l&#039;Ebre","publisher":{"@id":"https:\/\/hotelvillaretiro.com\/#organization"},"potentialAction":[{"@type":"SearchAction","target":{"@type":"EntryPoint","urlTemplate":"https:\/\/hotelvillaretiro.com\/?s={search_term_string}"},"query-input":{"@type":"PropertyValueSpecification","valueRequired":true,"valueName":"search_term_string"}}],"inLanguage":"ca"},{"@type":"Organization","@id":"https:\/\/hotelvillaretiro.com\/#organization","name":"Hotel Villa Retiro","url":"https:\/\/hotelvillaretiro.com\/","logo":{"@type":"ImageObject","inLanguage":"ca","@id":"https:\/\/hotelvillaretiro.com\/#\/schema\/logo\/image\/","url":"https:\/\/hotelvillaretiro.com\/wp-content\/uploads\/2025\/02\/hotel-villa-retiro-logo.svg","contentUrl":"https:\/\/hotelvillaretiro.com\/wp-content\/uploads\/2025\/02\/hotel-villa-retiro-logo.svg","caption":"Hotel Villa Retiro"},"image":{"@id":"https:\/\/hotelvillaretiro.com\/#\/schema\/logo\/image\/"}},{"@type":"Person","@id":"https:\/\/hotelvillaretiro.com\/#\/schema\/person\/225ec899b02ea8661c5a10249acd3f50","name":"villaretiro","description":"Hotel de 5 estrellas y Restaurante con 1 Estrella Michelin, en Xerta (Tarragona), en un entorno \u00fanico edificado en 1890 y habilitado como hotel y restaurante desde marzo de 2006.","sameAs":["http:\/\/www.hotelvillaretiro.com","https:\/\/www.facebook.com\/villa.retiro.xerta","https:\/\/x.com\/VillaRetiro"],"url":"https:\/\/hotelvillaretiro.com\/ca\/author\/villaretiro\/"}]}},"_links":{"self":[{"href":"https:\/\/hotelvillaretiro.com\/ca\/wp-json\/wp\/v2\/posts\/9491","targetHints":{"allow":["GET"]}}],"collection":[{"href":"https:\/\/hotelvillaretiro.com\/ca\/wp-json\/wp\/v2\/posts"}],"about":[{"href":"https:\/\/hotelvillaretiro.com\/ca\/wp-json\/wp\/v2\/types\/post"}],"author":[{"embeddable":true,"href":"https:\/\/hotelvillaretiro.com\/ca\/wp-json\/wp\/v2\/users\/1"}],"replies":[{"embeddable":true,"href":"https:\/\/hotelvillaretiro.com\/ca\/wp-json\/wp\/v2\/comments?post=9491"}],"version-history":[{"count":0,"href":"https:\/\/hotelvillaretiro.com\/ca\/wp-json\/wp\/v2\/posts\/9491\/revisions"}],"wp:featuredmedia":[{"embeddable":true,"href":"https:\/\/hotelvillaretiro.com\/ca\/wp-json\/wp\/v2\/media\/9482"}],"wp:attachment":[{"href":"https:\/\/hotelvillaretiro.com\/ca\/wp-json\/wp\/v2\/media?parent=9491"}],"wp:term":[{"taxonomy":"category","embeddable":true,"href":"https:\/\/hotelvillaretiro.com\/ca\/wp-json\/wp\/v2\/categories?post=9491"},{"taxonomy":"post_tag","embeddable":true,"href":"https:\/\/hotelvillaretiro.com\/ca\/wp-json\/wp\/v2\/tags?post=9491"}],"curies":[{"name":"wp","href":"https:\/\/api.w.org\/{rel}","templated":true}]}}