{"id":27431,"date":"2020-09-29T19:54:58","date_gmt":"2020-09-29T18:54:58","guid":{"rendered":"https:\/\/hotelvillaretiro.com\/fin-de-ano-de-villa-retiro-2020\/"},"modified":"2020-12-21T12:44:59","modified_gmt":"2020-12-21T11:44:59","slug":"fin-de-ano-de-villa-retiro-2020","status":"publish","type":"post","link":"https:\/\/hotelvillaretiro.com\/fr\/fin-de-ano-de-villa-retiro-2020\/","title":{"rendered":"Fin de a\u00f1o a Villa Retiro 2020&#x1f942;&#x1f387;"},"content":{"rendered":"<p>[vc_row][vc_column][vc_column_text]\u00bfA\u00fan no tienes ning\u00fan plan para despedir el 2020?<br \/>\nDesde el Hotel Villa Retiro le proponemos una <strong>Nochevieja<\/strong> diferente para empezar con el mejor pie el 2021, en buena compa\u00f1a y en un <strong>lugar \u00fanico y exclusivo.<\/strong><\/p>\n<blockquote><p>Prep\u00e1rate para despedir el a\u00f1o en el Hotel Villa Retiro de 5 estrellas y disfruta de la mejor gastronom\u00eda de las Terres de l&rsquo;Ebre en el <a href=\"\/?page_id=2986\" target=\"_blank\" rel=\"noopener noreferrer\">Restaurante Hotel Villa Retiro<\/a> galardonado con 1 estrella Michelin y no preocupes absolutamente de nada.<\/p><\/blockquote>\n<p>[\/vc_column_text][\/vc_column][\/vc_row][vc_row][vc_column][cl_heading title=\u00a0\u00bbEscapada Fin de A\u00f1o\u00a0\u00bb style=\u00a0\u00bbsingle-line\u00a0\u00bb][vc_column_text]<\/p>\n<blockquote>\n<ul>\n<li>noche del 31 de diciembre<\/li>\n<li>desayuno<\/li>\n<li>cena de gala 1* Michel\u00edn<\/li>\n<li><em>Precio para 2 personas.<\/em><\/li>\n<\/ul>\n<\/blockquote>\n<p>[\/vc_column_text][cl_gallery images=\u00a0\u00bb34781&Prime;][vc_gallery][\/vc_column][\/vc_row][vc_row][vc_column][cl_heading title=\u00a0\u00bbHabitaci\u00f3n doble est\u00e0ndard 580\u20ac \u00a0\u00bb style=\u00a0\u00bbsingle-line\u00a0\u00bb][vc_gallery interval=\u00a0\u00bb3&Prime; images=\u00a0\u00bb9305,6572&Prime; img_size=\u00a0\u00bbfull\u00a0\u00bb][vc_row_inner][vc_column_inner width=\u00a0\u00bb1\/2&Prime;][cl_button url=\u00a0\u00bburl:mailto%3Areservas%40hotelvillaretiro.com||target:%20_blank\u00a0\u00bb title=\u00a0\u00bbReservar por email \u00a0\u00bb icon_left=\u00a0\u00bbfast-forward\u00a0\u00bb][\/vc_column_inner][vc_column_inner width=\u00a0\u00bb1\/2&Prime;][cl_button url=\u00a0\u00bburl:tel%3A%2B34977473810||target:%20_blank\u00a0\u00bb title=\u00a0\u00bbReservar por tel\u00e9fono\u00a0\u00bb align=\u00a0\u00bbaligninline\u00a0\u00bb icon_left=\u00a0\u00bbphone\u00a0\u00bb][\/vc_column_inner][\/vc_row_inner][\/vc_column][\/vc_row][vc_row][vc_column][cl_heading title=\u00a0\u00bbJunior Suite Jard\u00ed 620\u20ac \u00a0\u00bb style=\u00a0\u00bbsingle-line\u00a0\u00bb][vc_gallery interval=\u00a0\u00bb3&Prime; images=\u00a0\u00bb8348&Prime; img_size=\u00a0\u00bbfull\u00a0\u00bb][vc_row_inner][vc_column_inner width=\u00a0\u00bb1\/2&Prime;][cl_button url=\u00a0\u00bburl:mailto%3Areservas%40hotelvillaretiro.com||target:%20_blank\u00a0\u00bb title=\u00a0\u00bbReservar por email \u00a0\u00bb icon_left=\u00a0\u00bbfast-forward\u00a0\u00bb][\/vc_column_inner][vc_column_inner width=\u00a0\u00bb1\/2&Prime;][cl_button url=\u00a0\u00bburl:tel%3A%2B34977473810||target:%20_blank\u00a0\u00bb title=\u00a0\u00bbReservar por tel\u00e9fono\u00a0\u00bb align=\u00a0\u00bbaligninline\u00a0\u00bb icon_left=\u00a0\u00bbphone\u00a0\u00bb][\/vc_column_inner][\/vc_row_inner][\/vc_column][\/vc_row][vc_row][vc_column][cl_heading title=\u00a0\u00bbSuite Classic 640\u20ac\u00a0\u00bb style=\u00a0\u00bbsingle-line\u00a0\u00bb][vc_gallery interval=\u00a0\u00bb3&Prime; images=\u00a0\u00bb6563,4405,3598,2274,6706&Prime; img_size=\u00a0\u00bbfull\u00a0\u00bb][vc_row_inner][vc_column_inner width=\u00a0\u00bb1\/2&Prime;][cl_button url=\u00a0\u00bburl:mailto%3Areservas%40hotelvillaretiro.com||target:%20_blank\u00a0\u00bb title=\u00a0\u00bbReservar por email \u00a0\u00bb icon_left=\u00a0\u00bbfast-forward\u00a0\u00bb][\/vc_column_inner][vc_column_inner width=\u00a0\u00bb1\/2&Prime;][cl_button url=\u00a0\u00bburl:tel%3A%2B34977473810||target:%20_blank\u00a0\u00bb title=\u00a0\u00bbReservar por tel\u00e9fono\u00a0\u00bb align=\u00a0\u00bbaligninline\u00a0\u00bb icon_left=\u00a0\u00bbphone\u00a0\u00bb][\/vc_column_inner][\/vc_row_inner][\/vc_column][\/vc_row][vc_row][vc_column][cl_heading title=\u00a0\u00bbGran Suite Jard\u00ed 700\u20ac\u00a0\u00bb style=\u00a0\u00bbsingle-line\u00a0\u00bb][vc_gallery interval=\u00a0\u00bb3&Prime; images=\u00a0\u00bb8548,8348&Prime; img_size=\u00a0\u00bbfull\u00a0\u00bb][vc_row_inner][vc_column_inner width=\u00a0\u00bb1\/2&Prime;][cl_button url=\u00a0\u00bburl:mailto%3Areservas%40hotelvillaretiro.com||target:%20_blank\u00a0\u00bb title=\u00a0\u00bbReservar por email \u00a0\u00bb icon_left=\u00a0\u00bbfast-forward\u00a0\u00bb][\/vc_column_inner][vc_column_inner width=\u00a0\u00bb1\/2&Prime;][cl_button url=\u00a0\u00bburl:tel%3A%2B34977473810||target:%20_blank\u00a0\u00bb title=\u00a0\u00bbReservar por tel\u00e9fono\u00a0\u00bb align=\u00a0\u00bbaligninline\u00a0\u00bb icon_left=\u00a0\u00bbphone\u00a0\u00bb][\/vc_column_inner][\/vc_row_inner][\/vc_column][\/vc_row]<\/p>\n","protected":false},"excerpt":{"rendered":"<p>[vc_row][vc_column][vc_column_text]\u00bfA\u00fan no tienes ning\u00fan plan para despedir el 2020? Desde el Hotel Villa Retiro le proponemos una Nochevieja diferente para empezar con el mejor pie el 2021, en buena compa\u00f1a y en un lugar \u00fanico y exclusivo. Prep\u00e1rate para despedir el a\u00f1o en el Hotel Villa Retiro de 5 estrellas y disfruta de la mejor [&hellip;]<\/p>\n","protected":false},"author":1,"featured_media":11132,"comment_status":"closed","ping_status":"closed","sticky":false,"template":"","format":"standard","meta":{"inline_featured_image":false,"footnotes":""},"categories":[162],"tags":[],"class_list":["post-27431","post","type-post","status-publish","format-standard","has-post-thumbnail","hentry","category-hotel-villa-retiro-fr"],"yoast_head":"<!-- This site is optimized with the Yoast SEO plugin v27.2 - https:\/\/yoast.com\/product\/yoast-seo-wordpress\/ -->\n<title>Fin de a\u00f1o a Villa Retiro 2020&#x1f942;&#x1f387; - Hotel Villa Retiro<\/title>\n<meta name=\"description\" content=\"Desde el Hotel Villa Retiro le proponemos una Nochevieja diferente para empezar con el mejor pie el 2021,en buena compa\u00f1a y en un lugar \u00fanico y exclusivo.\" \/>\n<meta name=\"robots\" content=\"index, follow, max-snippet:-1, max-image-preview:large, max-video-preview:-1\" \/>\n<link rel=\"canonical\" href=\"https:\/\/hotelvillaretiro.com\/fr\/fin-de-ano-de-villa-retiro-2020\/\" \/>\n<meta property=\"og:locale\" content=\"fr_FR\" \/>\n<meta property=\"og:type\" content=\"article\" \/>\n<meta property=\"og:title\" content=\"Fin de a\u00f1o a Villa Retiro 2020&#x1f942;&#x1f387; - Hotel Villa Retiro\" \/>\n<meta property=\"og:description\" content=\"Desde el Hotel Villa Retiro le proponemos una Nochevieja diferente para empezar con el mejor pie el 2021,en buena compa\u00f1a y en un lugar \u00fanico y exclusivo.\" \/>\n<meta property=\"og:url\" content=\"https:\/\/hotelvillaretiro.com\/fr\/fin-de-ano-de-villa-retiro-2020\/\" \/>\n<meta property=\"og:site_name\" content=\"Hotel Villa Retiro\" \/>\n<meta property=\"article:author\" content=\"https:\/\/www.facebook.com\/villa.retiro.xerta\" \/>\n<meta property=\"article:published_time\" content=\"2020-09-29T18:54:58+00:00\" \/>\n<meta property=\"article:modified_time\" content=\"2020-12-21T11:44:59+00:00\" \/>\n<meta property=\"og:image\" content=\"https:\/\/hotelvillaretiro.com\/wp-content\/uploads\/2019\/09\/noche-vieja-villa-retiro-a\u00f1o-nuevo-fin-de-a\u00f1o-villa-retiro.png\" \/>\n\t<meta property=\"og:image:width\" content=\"1604\" \/>\n\t<meta property=\"og:image:height\" content=\"682\" \/>\n\t<meta property=\"og:image:type\" content=\"image\/png\" \/>\n<meta name=\"author\" content=\"villaretiro\" \/>\n<meta name=\"twitter:card\" content=\"summary_large_image\" \/>\n<meta name=\"twitter:creator\" content=\"@VillaRetiro\" \/>\n<meta name=\"twitter:label1\" content=\"\u00c9crit par\" \/>\n\t<meta name=\"twitter:data1\" content=\"villaretiro\" \/>\n\t<meta name=\"twitter:label2\" content=\"Dur\u00e9e de lecture estim\u00e9e\" \/>\n\t<meta name=\"twitter:data2\" content=\"2 minutes\" \/>\n<script type=\"application\/ld+json\" class=\"yoast-schema-graph\">{\"@context\":\"https:\/\/schema.org\",\"@graph\":[{\"@type\":\"Article\",\"@id\":\"https:\/\/hotelvillaretiro.com\/fr\/fin-de-ano-de-villa-retiro-2020\/#article\",\"isPartOf\":{\"@id\":\"https:\/\/hotelvillaretiro.com\/fr\/fin-de-ano-de-villa-retiro-2020\/\"},\"author\":{\"name\":\"villaretiro\",\"@id\":\"https:\/\/hotelvillaretiro.com\/#\/schema\/person\/225ec899b02ea8661c5a10249acd3f50\"},\"headline\":\"Fin de a\u00f1o a Villa Retiro 2020&#x1f942;&#x1f387;\",\"datePublished\":\"2020-09-29T18:54:58+00:00\",\"dateModified\":\"2020-12-21T11:44:59+00:00\",\"mainEntityOfPage\":{\"@id\":\"https:\/\/hotelvillaretiro.com\/fr\/fin-de-ano-de-villa-retiro-2020\/\"},\"wordCount\":465,\"publisher\":{\"@id\":\"https:\/\/hotelvillaretiro.com\/#organization\"},\"image\":{\"@id\":\"https:\/\/hotelvillaretiro.com\/fr\/fin-de-ano-de-villa-retiro-2020\/#primaryimage\"},\"thumbnailUrl\":\"https:\/\/hotelvillaretiro.com\/wp-content\/uploads\/2019\/09\/noche-vieja-villa-retiro-a\u00f1o-nuevo-fin-de-a\u00f1o-villa-retiro.png\",\"articleSection\":[\"Hotel Villa Retiro\"],\"inLanguage\":\"fr-FR\"},{\"@type\":\"WebPage\",\"@id\":\"https:\/\/hotelvillaretiro.com\/fr\/fin-de-ano-de-villa-retiro-2020\/\",\"url\":\"https:\/\/hotelvillaretiro.com\/fr\/fin-de-ano-de-villa-retiro-2020\/\",\"name\":\"Fin de a\u00f1o a Villa Retiro 2020&#x1f942;&#x1f387; - Hotel Villa Retiro\",\"isPartOf\":{\"@id\":\"https:\/\/hotelvillaretiro.com\/#website\"},\"primaryImageOfPage\":{\"@id\":\"https:\/\/hotelvillaretiro.com\/fr\/fin-de-ano-de-villa-retiro-2020\/#primaryimage\"},\"image\":{\"@id\":\"https:\/\/hotelvillaretiro.com\/fr\/fin-de-ano-de-villa-retiro-2020\/#primaryimage\"},\"thumbnailUrl\":\"https:\/\/hotelvillaretiro.com\/wp-content\/uploads\/2019\/09\/noche-vieja-villa-retiro-a\u00f1o-nuevo-fin-de-a\u00f1o-villa-retiro.png\",\"datePublished\":\"2020-09-29T18:54:58+00:00\",\"dateModified\":\"2020-12-21T11:44:59+00:00\",\"description\":\"Desde el Hotel Villa Retiro le proponemos una Nochevieja diferente para empezar con el mejor pie el 2021,en buena compa\u00f1a y en un lugar \u00fanico y exclusivo.\",\"breadcrumb\":{\"@id\":\"https:\/\/hotelvillaretiro.com\/fr\/fin-de-ano-de-villa-retiro-2020\/#breadcrumb\"},\"inLanguage\":\"fr-FR\",\"potentialAction\":[{\"@type\":\"ReadAction\",\"target\":[\"https:\/\/hotelvillaretiro.com\/fr\/fin-de-ano-de-villa-retiro-2020\/\"]}]},{\"@type\":\"ImageObject\",\"inLanguage\":\"fr-FR\",\"@id\":\"https:\/\/hotelvillaretiro.com\/fr\/fin-de-ano-de-villa-retiro-2020\/#primaryimage\",\"url\":\"https:\/\/hotelvillaretiro.com\/wp-content\/uploads\/2019\/09\/noche-vieja-villa-retiro-a\u00f1o-nuevo-fin-de-a\u00f1o-villa-retiro.png\",\"contentUrl\":\"https:\/\/hotelvillaretiro.com\/wp-content\/uploads\/2019\/09\/noche-vieja-villa-retiro-a\u00f1o-nuevo-fin-de-a\u00f1o-villa-retiro.png\",\"width\":1604,\"height\":682,\"caption\":\"noche-vieja-villa-retiro-a\u00f1o-nuevo-fin de a\u00f1o villa retiro\"},{\"@type\":\"BreadcrumbList\",\"@id\":\"https:\/\/hotelvillaretiro.com\/fr\/fin-de-ano-de-villa-retiro-2020\/#breadcrumb\",\"itemListElement\":[{\"@type\":\"ListItem\",\"position\":1,\"name\":\"Portada\",\"item\":\"https:\/\/hotelvillaretiro.com\/fr\/elementor-40227\/\"},{\"@type\":\"ListItem\",\"position\":2,\"name\":\"Fin de a\u00f1o a Villa Retiro 2020&#x1f942;&#x1f387;\"}]},{\"@type\":\"WebSite\",\"@id\":\"https:\/\/hotelvillaretiro.com\/#website\",\"url\":\"https:\/\/hotelvillaretiro.com\/\",\"name\":\"Hotel Villa Retiro\",\"description\":\"Hotel de 5 estrellas en les Terres de l&#039;Ebre\",\"publisher\":{\"@id\":\"https:\/\/hotelvillaretiro.com\/#organization\"},\"potentialAction\":[{\"@type\":\"SearchAction\",\"target\":{\"@type\":\"EntryPoint\",\"urlTemplate\":\"https:\/\/hotelvillaretiro.com\/?s={search_term_string}\"},\"query-input\":{\"@type\":\"PropertyValueSpecification\",\"valueRequired\":true,\"valueName\":\"search_term_string\"}}],\"inLanguage\":\"fr-FR\"},{\"@type\":\"Organization\",\"@id\":\"https:\/\/hotelvillaretiro.com\/#organization\",\"name\":\"Hotel Villa Retiro\",\"url\":\"https:\/\/hotelvillaretiro.com\/\",\"logo\":{\"@type\":\"ImageObject\",\"inLanguage\":\"fr-FR\",\"@id\":\"https:\/\/hotelvillaretiro.com\/#\/schema\/logo\/image\/\",\"url\":\"https:\/\/hotelvillaretiro.com\/wp-content\/uploads\/2025\/02\/hotel-villa-retiro-logo.svg\",\"contentUrl\":\"https:\/\/hotelvillaretiro.com\/wp-content\/uploads\/2025\/02\/hotel-villa-retiro-logo.svg\",\"width\":1358,\"height\":850,\"caption\":\"Hotel Villa Retiro\"},\"image\":{\"@id\":\"https:\/\/hotelvillaretiro.com\/#\/schema\/logo\/image\/\"}},{\"@type\":\"Person\",\"@id\":\"https:\/\/hotelvillaretiro.com\/#\/schema\/person\/225ec899b02ea8661c5a10249acd3f50\",\"name\":\"villaretiro\",\"description\":\"Hotel de 5 estrellas y Restaurante con 1 Estrella Michelin, en Xerta (Tarragona), en un entorno \u00fanico edificado en 1890 y habilitado como hotel y restaurante desde marzo de 2006.\",\"sameAs\":[\"http:\/\/www.hotelvillaretiro.com\",\"https:\/\/www.facebook.com\/villa.retiro.xerta\",\"https:\/\/x.com\/VillaRetiro\"],\"url\":\"https:\/\/hotelvillaretiro.com\/fr\/author\/villaretiro\/\"}]}<\/script>\n<!-- \/ Yoast SEO plugin. -->","yoast_head_json":{"title":"Fin de a\u00f1o a Villa Retiro 2020&#x1f942;&#x1f387; - Hotel Villa Retiro","description":"Desde el Hotel Villa Retiro le proponemos una Nochevieja diferente para empezar con el mejor pie el 2021,en buena compa\u00f1a y en un lugar \u00fanico y exclusivo.","robots":{"index":"index","follow":"follow","max-snippet":"max-snippet:-1","max-image-preview":"max-image-preview:large","max-video-preview":"max-video-preview:-1"},"canonical":"https:\/\/hotelvillaretiro.com\/fr\/fin-de-ano-de-villa-retiro-2020\/","og_locale":"fr_FR","og_type":"article","og_title":"Fin de a\u00f1o a Villa Retiro 2020&#x1f942;&#x1f387; - Hotel Villa Retiro","og_description":"Desde el Hotel Villa Retiro le proponemos una Nochevieja diferente para empezar con el mejor pie el 2021,en buena compa\u00f1a y en un lugar \u00fanico y exclusivo.","og_url":"https:\/\/hotelvillaretiro.com\/fr\/fin-de-ano-de-villa-retiro-2020\/","og_site_name":"Hotel Villa Retiro","article_author":"https:\/\/www.facebook.com\/villa.retiro.xerta","article_published_time":"2020-09-29T18:54:58+00:00","article_modified_time":"2020-12-21T11:44:59+00:00","og_image":[{"width":1604,"height":682,"url":"https:\/\/hotelvillaretiro.com\/wp-content\/uploads\/2019\/09\/noche-vieja-villa-retiro-a\u00f1o-nuevo-fin-de-a\u00f1o-villa-retiro.png","type":"image\/png"}],"author":"villaretiro","twitter_card":"summary_large_image","twitter_creator":"@VillaRetiro","twitter_misc":{"\u00c9crit par":"villaretiro","Dur\u00e9e de lecture estim\u00e9e":"2 minutes"},"schema":{"@context":"https:\/\/schema.org","@graph":[{"@type":"Article","@id":"https:\/\/hotelvillaretiro.com\/fr\/fin-de-ano-de-villa-retiro-2020\/#article","isPartOf":{"@id":"https:\/\/hotelvillaretiro.com\/fr\/fin-de-ano-de-villa-retiro-2020\/"},"author":{"name":"villaretiro","@id":"https:\/\/hotelvillaretiro.com\/#\/schema\/person\/225ec899b02ea8661c5a10249acd3f50"},"headline":"Fin de a\u00f1o a Villa Retiro 2020&#x1f942;&#x1f387;","datePublished":"2020-09-29T18:54:58+00:00","dateModified":"2020-12-21T11:44:59+00:00","mainEntityOfPage":{"@id":"https:\/\/hotelvillaretiro.com\/fr\/fin-de-ano-de-villa-retiro-2020\/"},"wordCount":465,"publisher":{"@id":"https:\/\/hotelvillaretiro.com\/#organization"},"image":{"@id":"https:\/\/hotelvillaretiro.com\/fr\/fin-de-ano-de-villa-retiro-2020\/#primaryimage"},"thumbnailUrl":"https:\/\/hotelvillaretiro.com\/wp-content\/uploads\/2019\/09\/noche-vieja-villa-retiro-a\u00f1o-nuevo-fin-de-a\u00f1o-villa-retiro.png","articleSection":["Hotel Villa Retiro"],"inLanguage":"fr-FR"},{"@type":"WebPage","@id":"https:\/\/hotelvillaretiro.com\/fr\/fin-de-ano-de-villa-retiro-2020\/","url":"https:\/\/hotelvillaretiro.com\/fr\/fin-de-ano-de-villa-retiro-2020\/","name":"Fin de a\u00f1o a Villa Retiro 2020&#x1f942;&#x1f387; - Hotel Villa Retiro","isPartOf":{"@id":"https:\/\/hotelvillaretiro.com\/#website"},"primaryImageOfPage":{"@id":"https:\/\/hotelvillaretiro.com\/fr\/fin-de-ano-de-villa-retiro-2020\/#primaryimage"},"image":{"@id":"https:\/\/hotelvillaretiro.com\/fr\/fin-de-ano-de-villa-retiro-2020\/#primaryimage"},"thumbnailUrl":"https:\/\/hotelvillaretiro.com\/wp-content\/uploads\/2019\/09\/noche-vieja-villa-retiro-a\u00f1o-nuevo-fin-de-a\u00f1o-villa-retiro.png","datePublished":"2020-09-29T18:54:58+00:00","dateModified":"2020-12-21T11:44:59+00:00","description":"Desde el Hotel Villa Retiro le proponemos una Nochevieja diferente para empezar con el mejor pie el 2021,en buena compa\u00f1a y en un lugar \u00fanico y exclusivo.","breadcrumb":{"@id":"https:\/\/hotelvillaretiro.com\/fr\/fin-de-ano-de-villa-retiro-2020\/#breadcrumb"},"inLanguage":"fr-FR","potentialAction":[{"@type":"ReadAction","target":["https:\/\/hotelvillaretiro.com\/fr\/fin-de-ano-de-villa-retiro-2020\/"]}]},{"@type":"ImageObject","inLanguage":"fr-FR","@id":"https:\/\/hotelvillaretiro.com\/fr\/fin-de-ano-de-villa-retiro-2020\/#primaryimage","url":"https:\/\/hotelvillaretiro.com\/wp-content\/uploads\/2019\/09\/noche-vieja-villa-retiro-a\u00f1o-nuevo-fin-de-a\u00f1o-villa-retiro.png","contentUrl":"https:\/\/hotelvillaretiro.com\/wp-content\/uploads\/2019\/09\/noche-vieja-villa-retiro-a\u00f1o-nuevo-fin-de-a\u00f1o-villa-retiro.png","width":1604,"height":682,"caption":"noche-vieja-villa-retiro-a\u00f1o-nuevo-fin de a\u00f1o villa retiro"},{"@type":"BreadcrumbList","@id":"https:\/\/hotelvillaretiro.com\/fr\/fin-de-ano-de-villa-retiro-2020\/#breadcrumb","itemListElement":[{"@type":"ListItem","position":1,"name":"Portada","item":"https:\/\/hotelvillaretiro.com\/fr\/elementor-40227\/"},{"@type":"ListItem","position":2,"name":"Fin de a\u00f1o a Villa Retiro 2020&#x1f942;&#x1f387;"}]},{"@type":"WebSite","@id":"https:\/\/hotelvillaretiro.com\/#website","url":"https:\/\/hotelvillaretiro.com\/","name":"Hotel Villa Retiro","description":"Hotel de 5 estrellas en les Terres de l&#039;Ebre","publisher":{"@id":"https:\/\/hotelvillaretiro.com\/#organization"},"potentialAction":[{"@type":"SearchAction","target":{"@type":"EntryPoint","urlTemplate":"https:\/\/hotelvillaretiro.com\/?s={search_term_string}"},"query-input":{"@type":"PropertyValueSpecification","valueRequired":true,"valueName":"search_term_string"}}],"inLanguage":"fr-FR"},{"@type":"Organization","@id":"https:\/\/hotelvillaretiro.com\/#organization","name":"Hotel Villa Retiro","url":"https:\/\/hotelvillaretiro.com\/","logo":{"@type":"ImageObject","inLanguage":"fr-FR","@id":"https:\/\/hotelvillaretiro.com\/#\/schema\/logo\/image\/","url":"https:\/\/hotelvillaretiro.com\/wp-content\/uploads\/2025\/02\/hotel-villa-retiro-logo.svg","contentUrl":"https:\/\/hotelvillaretiro.com\/wp-content\/uploads\/2025\/02\/hotel-villa-retiro-logo.svg","width":1358,"height":850,"caption":"Hotel Villa Retiro"},"image":{"@id":"https:\/\/hotelvillaretiro.com\/#\/schema\/logo\/image\/"}},{"@type":"Person","@id":"https:\/\/hotelvillaretiro.com\/#\/schema\/person\/225ec899b02ea8661c5a10249acd3f50","name":"villaretiro","description":"Hotel de 5 estrellas y Restaurante con 1 Estrella Michelin, en Xerta (Tarragona), en un entorno \u00fanico edificado en 1890 y habilitado como hotel y restaurante desde marzo de 2006.","sameAs":["http:\/\/www.hotelvillaretiro.com","https:\/\/www.facebook.com\/villa.retiro.xerta","https:\/\/x.com\/VillaRetiro"],"url":"https:\/\/hotelvillaretiro.com\/fr\/author\/villaretiro\/"}]}},"_links":{"self":[{"href":"https:\/\/hotelvillaretiro.com\/fr\/wp-json\/wp\/v2\/posts\/27431","targetHints":{"allow":["GET"]}}],"collection":[{"href":"https:\/\/hotelvillaretiro.com\/fr\/wp-json\/wp\/v2\/posts"}],"about":[{"href":"https:\/\/hotelvillaretiro.com\/fr\/wp-json\/wp\/v2\/types\/post"}],"author":[{"embeddable":true,"href":"https:\/\/hotelvillaretiro.com\/fr\/wp-json\/wp\/v2\/users\/1"}],"replies":[{"embeddable":true,"href":"https:\/\/hotelvillaretiro.com\/fr\/wp-json\/wp\/v2\/comments?post=27431"}],"version-history":[{"count":0,"href":"https:\/\/hotelvillaretiro.com\/fr\/wp-json\/wp\/v2\/posts\/27431\/revisions"}],"wp:featuredmedia":[{"embeddable":true,"href":"https:\/\/hotelvillaretiro.com\/fr\/wp-json\/wp\/v2\/media\/11132"}],"wp:attachment":[{"href":"https:\/\/hotelvillaretiro.com\/fr\/wp-json\/wp\/v2\/media?parent=27431"}],"wp:term":[{"taxonomy":"category","embeddable":true,"href":"https:\/\/hotelvillaretiro.com\/fr\/wp-json\/wp\/v2\/categories?post=27431"},{"taxonomy":"post_tag","embeddable":true,"href":"https:\/\/hotelvillaretiro.com\/fr\/wp-json\/wp\/v2\/tags?post=27431"}],"curies":[{"name":"wp","href":"https:\/\/api.w.org\/{rel}","templated":true}]}}